{"id":1011,"date":"2024-04-05T18:21:12","date_gmt":"2024-04-05T16:21:12","guid":{"rendered":"https:\/\/projects.unifr.ch\/aesthetics-critique\/?p=1011"},"modified":"2024-04-05T18:21:33","modified_gmt":"2024-04-05T16:21:33","slug":"interview-pioniergeist-der-erste-asthetik-lehrstuhl-der-schweiz","status":"publish","type":"post","link":"https:\/\/projects.unifr.ch\/aesthetics-critique\/2024\/04\/05\/interview-pioniergeist-der-erste-asthetik-lehrstuhl-der-schweiz\/","title":{"rendered":"[Interview] Pioniergeist: Der erste \u00c4sthetik-Lehrstuhl der Schweiz"},"content":{"rendered":"\n<p><strong>Seit der Einrichtung des ersten Universit\u00e4ts-Lehrstuhls f\u00fcr \u00c4sthetik und Kunstphilosophie im Jahr 2019 hat dieser eine bedeutende Rolle in der schweizerischen akademischen Welt \u00fcbernommen. Im Interview mit Prof. Dr. Emmanuel Alloa werfen wir einen Blick auf die facettenreiche Welt der \u00c4sthetik, von ihrer historischen Entwicklung bis hin zu ihrer aktuellen Relevanz f\u00fcr Gesellschaft und Kultur.<\/strong><\/p>\n\n\n\n<p><a href=\"https:\/\/www.unifr.ch\/alma-georges\/articles\/2024\/pioniergeist-der-erste-asthetik-lehrstuhl-der-schweiz\"><strong>LINK<\/strong><\/a><\/p>\n","protected":false},"excerpt":{"rendered":"<p>Seit der Einrichtung des ersten Universit\u00e4ts-Lehrstuhls f\u00fcr \u00c4sthetik und Kunstphilosophie im Jahr 2019 hat dieser eine bedeutende Rolle in der schweizerischen akademischen Welt \u00fcbernommen. Im Interview mit Prof. Dr. Emmanuel Alloa werfen wir einen Blick auf die facettenreiche Welt der \u00c4sthetik, von ihrer historischen Entwicklung bis hin zu ihrer aktuellen Relevanz f\u00fcr Gesellschaft und Kultur. &#8230; <a title=\"[Interview] Pioniergeist: Der erste \u00c4sthetik-Lehrstuhl der Schweiz\" class=\"read-more\" href=\"https:\/\/projects.unifr.ch\/aesthetics-critique\/2024\/04\/05\/interview-pioniergeist-der-erste-asthetik-lehrstuhl-der-schweiz\/\">Read more<span class=\"screen-reader-text\">[Interview] Pioniergeist: Der erste \u00c4sthetik-Lehrstuhl der Schweiz<\/span><\/a><\/p>\n","protected":false},"author":6,"featured_media":1012,"comment_status":"closed","ping_status":"open","sticky":false,"template":"","format":"standard","meta":{"footnotes":""},"categories":[8,12,10,1],"tags":[],"_links":{"self":[{"href":"https:\/\/projects.unifr.ch\/aesthetics-critique\/wp-json\/wp\/v2\/posts\/1011"}],"collection":[{"href":"https:\/\/projects.unifr.ch\/aesthetics-critique\/wp-json\/wp\/v2\/posts"}],"about":[{"href":"https:\/\/projects.unifr.ch\/aesthetics-critique\/wp-json\/wp\/v2\/types\/post"}],"author":[{"embeddable":true,"href":"https:\/\/projects.unifr.ch\/aesthetics-critique\/wp-json\/wp\/v2\/users\/6"}],"replies":[{"embeddable":true,"href":"https:\/\/projects.unifr.ch\/aesthetics-critique\/wp-json\/wp\/v2\/comments?post=1011"}],"version-history":[{"count":2,"href":"https:\/\/projects.unifr.ch\/aesthetics-critique\/wp-json\/wp\/v2\/posts\/1011\/revisions"}],"predecessor-version":[{"id":1014,"href":"https:\/\/projects.unifr.ch\/aesthetics-critique\/wp-json\/wp\/v2\/posts\/1011\/revisions\/1014"}],"wp:featuredmedia":[{"embeddable":true,"href":"https:\/\/projects.unifr.ch\/aesthetics-critique\/wp-json\/wp\/v2\/media\/1012"}],"wp:attachment":[{"href":"https:\/\/projects.unifr.ch\/aesthetics-critique\/wp-json\/wp\/v2\/media?parent=1011"}],"wp:term":[{"taxonomy":"category","embeddable":true,"href":"https:\/\/projects.unifr.ch\/aesthetics-critique\/wp-json\/wp\/v2\/categories?post=1011"},{"taxonomy":"post_tag","embeddable":true,"href":"https:\/\/projects.unifr.ch\/aesthetics-critique\/wp-json\/wp\/v2\/tags?post=1011"}],"curies":[{"name":"wp","href":"https:\/\/api.w.org\/{rel}","templated":true}]}}