{"id":976,"date":"2023-09-08T14:49:53","date_gmt":"2023-09-08T12:49:53","guid":{"rendered":"https:\/\/projects.unifr.ch\/aesthetics-critique\/?p=976"},"modified":"2023-09-08T14:49:55","modified_gmt":"2023-09-08T12:49:55","slug":"article-lucie-mercier-the-translatability-of-experience-on-fanons-language-puzzle","status":"publish","type":"post","link":"https:\/\/projects.unifr.ch\/aesthetics-critique\/2023\/09\/08\/article-lucie-mercier-the-translatability-of-experience-on-fanons-language-puzzle\/","title":{"rendered":"(Article) Lucie Mercier, The Translatability of Experience: On Fanon&#8217;s Language Puzzle"},"content":{"rendered":"\n<p>Fanon considered that colonial alienation produced multiple forms of relational pathologies, many of which expressed themselves in and through blockages in communication rather than through explicit conflict. Exposing the role of language as a vector of racial violence and colonial oppression, Fanon also presented it as a potentially revolutionary medium of decolonization. The article has two aims: firstly, to give an account of Fanon&#8217;s ongoing concern with language, in part by underscoring three very different influences in Fanon&#8217;s expansive conception of its role\u2014those of Aim\u00e9 C\u00e9saire, Maurice Merleau-Ponty, and Fran\u00e7ois Tosquelles. Secondly, the article aims to rearticulate the function of language in Fanon&#8217;s theory of colonial disalienation by drawing on a specific trajectory in his clinico-political thought: from diagnoses of untranslatability or incommunicability to analyses of decolonization as the radical transformation of the subject&#8217;s experience of language.<\/p>\n\n\n\n<h3 class=\"wp-block-heading\"><a href=\"https:\/\/read.dukeupress.edu\/critical-times\/article\/6\/1\/15\/318313\/The-Translatability-of-ExperienceOn-Fanon-s\" target=\"_blank\" rel=\"noreferrer noopener\">Full article here.<\/a><\/h3>\n","protected":false},"excerpt":{"rendered":"<p>Fanon considered that colonial alienation produced multiple forms of relational pathologies, many of which expressed themselves in and through blockages in communication rather than through explicit conflict. Exposing the role of language as a vector of racial violence and colonial oppression, Fanon also presented it as a potentially revolutionary medium of decolonization. The article has &#8230; <a title=\"(Article) Lucie Mercier, The Translatability of Experience: On Fanon&#8217;s Language Puzzle\" class=\"read-more\" href=\"https:\/\/projects.unifr.ch\/aesthetics-critique\/2023\/09\/08\/article-lucie-mercier-the-translatability-of-experience-on-fanons-language-puzzle\/\">Read more<span class=\"screen-reader-text\">(Article) Lucie Mercier, The Translatability of Experience: On Fanon&#8217;s Language Puzzle<\/span><\/a><\/p>\n","protected":false},"author":6,"featured_media":977,"comment_status":"closed","ping_status":"open","sticky":false,"template":"","format":"standard","meta":{"footnotes":""},"categories":[12],"tags":[],"_links":{"self":[{"href":"https:\/\/projects.unifr.ch\/aesthetics-critique\/wp-json\/wp\/v2\/posts\/976"}],"collection":[{"href":"https:\/\/projects.unifr.ch\/aesthetics-critique\/wp-json\/wp\/v2\/posts"}],"about":[{"href":"https:\/\/projects.unifr.ch\/aesthetics-critique\/wp-json\/wp\/v2\/types\/post"}],"author":[{"embeddable":true,"href":"https:\/\/projects.unifr.ch\/aesthetics-critique\/wp-json\/wp\/v2\/users\/6"}],"replies":[{"embeddable":true,"href":"https:\/\/projects.unifr.ch\/aesthetics-critique\/wp-json\/wp\/v2\/comments?post=976"}],"version-history":[{"count":1,"href":"https:\/\/projects.unifr.ch\/aesthetics-critique\/wp-json\/wp\/v2\/posts\/976\/revisions"}],"predecessor-version":[{"id":978,"href":"https:\/\/projects.unifr.ch\/aesthetics-critique\/wp-json\/wp\/v2\/posts\/976\/revisions\/978"}],"wp:featuredmedia":[{"embeddable":true,"href":"https:\/\/projects.unifr.ch\/aesthetics-critique\/wp-json\/wp\/v2\/media\/977"}],"wp:attachment":[{"href":"https:\/\/projects.unifr.ch\/aesthetics-critique\/wp-json\/wp\/v2\/media?parent=976"}],"wp:term":[{"taxonomy":"category","embeddable":true,"href":"https:\/\/projects.unifr.ch\/aesthetics-critique\/wp-json\/wp\/v2\/categories?post=976"},{"taxonomy":"post_tag","embeddable":true,"href":"https:\/\/projects.unifr.ch\/aesthetics-critique\/wp-json\/wp\/v2\/tags?post=976"}],"curies":[{"name":"wp","href":"https:\/\/api.w.org\/{rel}","templated":true}]}}