{"id":956,"date":"2022-03-09T19:32:00","date_gmt":"2022-03-09T18:32:00","guid":{"rendered":"https:\/\/projects.unifr.ch\/redcross-redstar\/?p=956"},"modified":"2025-09-26T18:41:45","modified_gmt":"2025-09-26T16:41:45","slug":"table-ronde-lhumanitaire-sexhibe-humanitarian-exhibition-1867-2016","status":"publish","type":"post","link":"https:\/\/projects.unifr.ch\/redcross-redstar\/?p=956","title":{"rendered":"Table ronde: &#8220;L\u2019Humanitaire s\u2019exhibe-Humanitarian exhibition (1867-2016)&#8221;"},"content":{"rendered":"\n<p>Table ronde avec S\u00e9bastien Farr\u00e9, Bertrand Taithe, Jean-Fran\u00e7ois Fayet et Silvia Salvatici. <\/p>\n\n\n\n<p>Organis\u00e9e par la fondation Brocher.<\/p>\n\n\n\n<p><a href=\"https:\/\/www.brocher.ch\/content\/events\/e8dc8FlyerrechercheV1.pdf\">https:\/\/www.brocher.ch\/content\/events\/e8dc8FlyerrechercheV1.pdf<\/a><\/p>\n\n\n\n<p><strong>9 mars 2022, Maison de l&#8217;Histoire, Gen\u00e8ve. <\/strong><\/p>\n\n\n\n<p><\/p>\n","protected":false},"excerpt":{"rendered":"<p>Table ronde avec S\u00e9bastien Farr\u00e9, Bertrand Taithe, Jean-Fran\u00e7ois Fayet et Silvia Salvatici. Organis\u00e9e par la fondation Brocher. https:\/\/www.brocher.ch\/content\/events\/e8dc8FlyerrechercheV1.pdf 9 mars 2022, Maison [&hellip;]<\/p>\n","protected":false},"author":4,"featured_media":0,"comment_status":"closed","ping_status":"closed","sticky":false,"template":"","format":"standard","meta":[],"categories":[15],"tags":[23],"_links":{"self":[{"href":"https:\/\/projects.unifr.ch\/redcross-redstar\/index.php?rest_route=\/wp\/v2\/posts\/956"}],"collection":[{"href":"https:\/\/projects.unifr.ch\/redcross-redstar\/index.php?rest_route=\/wp\/v2\/posts"}],"about":[{"href":"https:\/\/projects.unifr.ch\/redcross-redstar\/index.php?rest_route=\/wp\/v2\/types\/post"}],"author":[{"embeddable":true,"href":"https:\/\/projects.unifr.ch\/redcross-redstar\/index.php?rest_route=\/wp\/v2\/users\/4"}],"replies":[{"embeddable":true,"href":"https:\/\/projects.unifr.ch\/redcross-redstar\/index.php?rest_route=%2Fwp%2Fv2%2Fcomments&post=956"}],"version-history":[{"count":1,"href":"https:\/\/projects.unifr.ch\/redcross-redstar\/index.php?rest_route=\/wp\/v2\/posts\/956\/revisions"}],"predecessor-version":[{"id":957,"href":"https:\/\/projects.unifr.ch\/redcross-redstar\/index.php?rest_route=\/wp\/v2\/posts\/956\/revisions\/957"}],"wp:attachment":[{"href":"https:\/\/projects.unifr.ch\/redcross-redstar\/index.php?rest_route=%2Fwp%2Fv2%2Fmedia&parent=956"}],"wp:term":[{"taxonomy":"category","embeddable":true,"href":"https:\/\/projects.unifr.ch\/redcross-redstar\/index.php?rest_route=%2Fwp%2Fv2%2Fcategories&post=956"},{"taxonomy":"post_tag","embeddable":true,"href":"https:\/\/projects.unifr.ch\/redcross-redstar\/index.php?rest_route=%2Fwp%2Fv2%2Ftags&post=956"}],"curies":[{"name":"wp","href":"https:\/\/api.w.org\/{rel}","templated":true}]}}